{"id":39497,"date":"2021-12-19T14:18:00","date_gmt":"2021-12-19T10:48:00","guid":{"rendered":"https:\/\/zardis.net\/news\/?p=39497"},"modified":"2021-12-19T14:18:00","modified_gmt":"2021-12-19T10:48:00","slug":"iran-fm-meets-oic-member-states-in-islamabad","status":"publish","type":"post","link":"https:\/\/zardis.net\/news\/en\/39497\/iran-fm-meets-oic-member-states-in-islamabad\/","title":{"rendered":"Iran FM meets OIC member states in Islamabad"},"content":{"rendered":"<div>\n<p>On the sidelines of the 17th extraordinary session of the Organization of Islamic Cooperation (OIC) Council of Foreign Ministers on Afghanistan, Hossein Amir-Abdollahian met with\u00a0Pakistani Prime Minister Imran Khan,\u00a0OIC Secretary-General Hissein Brahim Taha, Jordanian Foreign Minister\u00a0Ayman Safadi, Turkish Foreign Minister\u00a0Mevl\u00fct \u00c7avu\u015fo\u011flu, Azeri Foreign Minister\u00a0Jeyhun Bayramov,\u00a0International Committee of the Red Cross (ICRC) delegation,\u00a0Sierra Leone&#8217;s Foreign Minister David John Francis.<\/p>\n<p><img loading=\"lazy\" decoding=\"async\" src=\"https:\/\/cdn.zardis.net\/webservice\/news\/2021-12-19-14-00-28.jpeg\" alt=\"Iran FM meets OIC member states in Islamabad\" width=\"600\" height=\"371\" \/><\/p>\n<p>During the meeting with\u00a0Pakistani Prime Minister Imran Khan, the\u00a0two sides discussed bilateral relations and the latest developments in the region.<\/p>\n<p>According to the Pakistani Foreign Minister, the purpose of holding this meeting is to pay special attention to the issue of Afghanistan and prevent a humanitarian catastrophe in the country.<\/p>\n<p><img loading=\"lazy\" decoding=\"async\" src=\"https:\/\/cdn.zardis.net\/webservice\/news\/2021-12-19-14-00-30.jpeg\" alt=\"Iran FM meets OIC member states in Islamabad\" width=\"600\" height=\"400\" \/><\/p>\n<p>The Foreign Ministers of the Islamic Republic of Iran and Jordan exchanged views on bilateral relations, regional developments and the issues of Palestine, Afghanistan and the Vienna talks.<\/p>\n<p>In a meeting with the Secretary-General of the Organization of Islamic Cooperation, the Iranian Foreign Minister emphasized the role of the OIC and the Secretary-General\u00a0in helping to solve the problems and crises in the Islamic world, including Afghanistan and Palestine.<\/p>\n<p><img loading=\"lazy\" decoding=\"async\" src=\"https:\/\/cdn.zardis.net\/webservice\/news\/2021-12-19-14-00-31.jpeg\" alt=\"Iran FM meets OIC member states in Islamabad\" width=\"600\" height=\"400\" \/><\/p>\n<p>On the sidelines of the Organization of Islamic Cooperation (OIC) meeting in Islamabad, the Iranian and Turkish foreign ministers discussed bilateral relations and Erdogan&#8217;s upcoming visit to Tehran.<\/p>\n<p>Turkish\u00a0Foreign Minister\u00a0Mevl\u00fct \u00c7avu\u015fo\u011flu called the relations between the two countries friendly and excellent.<\/p>\n<p><img loading=\"lazy\" decoding=\"async\" src=\"https:\/\/cdn.zardis.net\/webservice\/news\/2021-12-19-14-00-33.jpeg\" alt=\"Iran FM meets OIC member states in Islamabad\" width=\"600\" height=\"400\" \/><\/p>\n<p>During the meeting, the two foreign ministers of Iran and the Republic of Azerbaijan expressed satisfaction with the growing trend of relations and also discussed the latest developments in cooperation between the two countries.<\/p>\n<p>Jeyhun Bayramov once again invited\u00a0Hossein Amir-Abdollahian to visit Baku.<\/p>\n<p>Amir-Abdollahian also met with the International Committee of the Red Cross (ICRC) delegation that attended the meeting of the Organization of Islamic Cooperation in Islamabad.<\/p>\n<p>They presented a report on the Red Cross assistance to the people of Afghanistan.<\/p>\n<p>According to the Red Cross, the organization has set up 12 aid bases across Afghanistan and about 1,850 people, including local and foreign forces, are involved in the relief operation.<\/p>\n<p>During the meeting, the Red Cross delegation appreciated the constructive role of the Islamic Republic of Iran in supporting and assisting the people of Afghanistan.<\/p>\n<p><img loading=\"lazy\" decoding=\"async\" src=\"https:\/\/cdn.zardis.net\/webservice\/news\/2021-12-19-14-00-36.jpeg\" alt=\"Iran FM meets OIC member states in Islamabad\" width=\"600\" height=\"450\" \/><\/p>\n<p>The Ministers of Foreign Affairs of the Islamic Republic of Iran and Sierra Leone discussed bilateral relations on the sidelines of the meeting of the OIC meeting\u00a0in Islamabad.<\/p>\n<p>The Minister of Foreign Affairs of Sierra Leone will visit Iran in the current week.<\/p>\n<p>Heading a high-ranking delegation, the Iranian foreign minister who traveled to Pakistan to attend\u00a0the 17th extraordinary session of the Organization of Islamic Cooperation (OIC) Council of Foreign Ministers on Afghanistan\u00a0was welcomed by the Pakistani Minister of State for Parliamentary Affairs Ali Muhammad Khan on Saturday night.<\/p>\n<p>Envoys from 57 Islamic nations attended\u00a0the OIC summit aimed at relieving the humanitarian crisis in Afghanistan.<\/p>\n<p>ZZ\/<\/p>\n<\/div>\n","protected":false},"excerpt":{"rendered":"<p>On the sidelines of the 17th extraordinary session of the Organization of Islamic Cooperation (OIC) Council of Foreign Ministers on Afghanistan, Hossein Amir-Abdollahian met with\u00a0Pakistani Prime Minister Imran Khan,\u00a0OIC Secretary-General Hissein Brahim Taha, Jordanian Foreign Minister\u00a0Ayman Safadi, Turkish Foreign Minister\u00a0Mevl\u00fct \u00c7avu\u015fo\u011flu, Azeri Foreign Minister\u00a0Jeyhun Bayramov,\u00a0International Committee of the Red Cross (ICRC) delegation,\u00a0Sierra Leone&#8217;s Foreign Minister [&hellip;]<\/p>\n","protected":false},"author":15,"featured_media":0,"comment_status":"open","ping_status":"closed","sticky":false,"template":"","format":"standard","meta":{"_acf_changed":false,"footnotes":"","_members_access_role":[],"_members_access_error":""},"categories":[7108],"tags":[],"class_list":["post-39497","post","type-post","status-publish","format-standard","hentry","category-media-en"],"acf":[],"_links":{"self":[{"href":"https:\/\/zardis.net\/news\/en\/wp-json\/wp\/v2\/posts\/39497","targetHints":{"allow":["GET"]}}],"collection":[{"href":"https:\/\/zardis.net\/news\/en\/wp-json\/wp\/v2\/posts"}],"about":[{"href":"https:\/\/zardis.net\/news\/en\/wp-json\/wp\/v2\/types\/post"}],"author":[{"embeddable":true,"href":"https:\/\/zardis.net\/news\/en\/wp-json\/wp\/v2\/users\/15"}],"replies":[{"embeddable":true,"href":"https:\/\/zardis.net\/news\/en\/wp-json\/wp\/v2\/comments?post=39497"}],"version-history":[{"count":0,"href":"https:\/\/zardis.net\/news\/en\/wp-json\/wp\/v2\/posts\/39497\/revisions"}],"wp:attachment":[{"href":"https:\/\/zardis.net\/news\/en\/wp-json\/wp\/v2\/media?parent=39497"}],"wp:term":[{"taxonomy":"category","embeddable":true,"href":"https:\/\/zardis.net\/news\/en\/wp-json\/wp\/v2\/categories?post=39497"},{"taxonomy":"post_tag","embeddable":true,"href":"https:\/\/zardis.net\/news\/en\/wp-json\/wp\/v2\/tags?post=39497"}],"curies":[{"name":"wp","href":"https:\/\/api.w.org\/{rel}","templated":true}]}}